{"id":5630,"date":"2025-05-06T11:13:45","date_gmt":"2025-05-06T09:13:45","guid":{"rendered":"https:\/\/aiwzdrowiu.pl\/?p=5630"},"modified":"2025-05-06T11:13:45","modified_gmt":"2025-05-06T09:13:45","slug":"akademia-managerow-ochrony-zdrowia","status":"publish","type":"post","link":"https:\/\/aiwzdrowiu.pl\/en\/akademia-managerow-ochrony-zdrowia\/","title":{"rendered":"Akademia Manager\u00f3w Ochrony Zdrowia"},"content":{"rendered":"<p style=\"text-align: justify;\">Z przyjemno\u015bci\u0105 informujemy, \u017ce <a class=\"eBOSiHffioaRqrowDPILgMQbHBQe\" tabindex=\"0\" href=\"https:\/\/www.linkedin.com\/company\/koalicja-ai-w-zdrowiu\/\" target=\"_self\" data-test-app-aware-link=\"\" rel=\"noopener\">Koalicja AI i innowacji w zdrowiu<\/a> zosta\u0142a oficjalnym partnerem\u00a0Akademii Manager\u00f3w Ochrony Zdrowia (AMOZ)\u00a0organizowanej przez <a class=\"eBOSiHffioaRqrowDPILgMQbHBQe\" tabindex=\"0\" href=\"https:\/\/www.linkedin.com\/company\/medideskpl\/\" target=\"_self\" data-test-app-aware-link=\"\" rel=\"noopener\">Medidesk<\/a>, kt\u00f3ra odb\u0119dzie si\u0119 ju\u017c\u00a018\u201319 wrze\u015bnia 2025 r. w Warszawie.<\/p>\n<p>Tegoroczna edycja AMOZ to co\u015b wi\u0119cej ni\u017c konferencja \u2013 to przestrze\u0144 realnych rozm\u00f3w o najwa\u017cniejszych wyzwaniach i przysz\u0142o\u015bci zarz\u0105dzania w ochronie zdrowia. Poruszymy <a class=\"eBOSiHffioaRqrowDPILgMQbHBQe\" tabindex=\"0\" href=\"http:\/\/m.in\/\" target=\"_self\" data-test-app-aware-link=\"\" rel=\"noopener\">m.in<\/a>. takie tematy, jak:<br \/>\n\ud83d\udd39 Jak przetrwa\u0107 kryzys kadrowy i budowa\u0107 stabilne zespo\u0142y?<br \/>\n\ud83d\udd39 Jak skutecznie wdra\u017ca\u0107 sztuczn\u0105 inteligencj\u0119 w codziennym zarz\u0105dzaniu?<br \/>\n\ud83d\udd39 Jak po\u0142\u0105czy\u0107 wysok\u0105 jako\u015b\u0107 opieki nad pacjentem z rozwojem biznesowym plac\u00f3wki?<\/p>\n<p>Odpowiedzi na te pytania \u2013 i wiele wi\u0119cej \u2013 poznaj\u0105 Pa\u0144stwo podczas AMOZ 2025.<\/p>\n<p>\ud83d\udca1 W panelu\u00a0&#8220;Transformacja\u00a0cyfrowa w medycynie \u2013 jak wdro\u017cy\u0107 innowacje,\u00a0nie pope\u0142niaj\u0105c b\u0142\u0119d\u00f3w oraz\u00a0nie\u00a0trac\u0105c\u00a0zaufania pacjent\u00f3w&#8221; we\u017amie udzia\u0142 r\u00f3wnie\u017c <a id=\"ember1434\" class=\"ember-view\" href=\"https:\/\/www.linkedin.com\/in\/ligiakornowska\/\">Ligia Kornowska, MD<\/a>, liderka <a class=\"eBOSiHffioaRqrowDPILgMQbHBQe\" tabindex=\"0\" href=\"https:\/\/www.linkedin.com\/company\/koalicja-ai-w-zdrowiu\/\" target=\"_self\" data-test-app-aware-link=\"\" rel=\"noopener\">Koalicja AI i innowacji w zdrowiu<\/a>.<\/p>\n<p>Do zobaczenia we wrze\u015bniu w Warszawie! Wi\u0119cej informacji &#8211; <a class=\"eBOSiHffioaRqrowDPILgMQbHBQe\" tabindex=\"0\" href=\"https:\/\/medidesk.pl\/amoz\/\" target=\"_self\" data-test-app-aware-link=\"\" rel=\"noopener\">https:\/\/medidesk.pl\/amoz\/<\/a><\/p>","protected":false},"excerpt":{"rendered":"<p>Z przyjemno\u015bci\u0105 informujemy, \u017ce Koalicja AI i innowacji w zdrowiu zosta\u0142a oficjalnym partnerem\u00a0Akademii Manager\u00f3w Ochrony Zdrowia [&hellip;]<\/p>","protected":false},"author":1,"featured_media":5631,"comment_status":"closed","ping_status":"open","sticky":false,"template":"","format":"standard","meta":[],"categories":[12,2],"tags":[],"yoast_head":"<!-- This site is optimized with the Yoast SEO plugin v19.8 - https:\/\/yoast.com\/wordpress\/plugins\/seo\/ -->\n<title>Akademia Manager\u00f3w Ochrony Zdrowia - AI w zdrowiu<\/title>\n<meta name=\"robots\" content=\"index, follow, max-snippet:-1, max-image-preview:large, max-video-preview:-1\" \/>\n<link rel=\"canonical\" href=\"https:\/\/aiwzdrowiu.pl\/en\/akademia-managerow-ochrony-zdrowia\/\" \/>\n<meta property=\"og:locale\" content=\"en_US\" \/>\n<meta property=\"og:type\" content=\"article\" \/>\n<meta property=\"og:title\" content=\"Akademia Manager\u00f3w Ochrony Zdrowia - AI w zdrowiu\" \/>\n<meta property=\"og:description\" content=\"Z przyjemno\u015bci\u0105 informujemy, \u017ce Koalicja AI i innowacji w zdrowiu zosta\u0142a oficjalnym partnerem\u00a0Akademii Manager\u00f3w Ochrony Zdrowia [&hellip;]\" \/>\n<meta property=\"og:url\" content=\"https:\/\/aiwzdrowiu.pl\/en\/akademia-managerow-ochrony-zdrowia\/\" \/>\n<meta property=\"og:site_name\" content=\"AI w zdrowiu\" \/>\n<meta property=\"article:published_time\" content=\"2025-05-06T09:13:45+00:00\" \/>\n<meta property=\"og:image\" content=\"https:\/\/aiwzdrowiu.pl\/wp-content\/uploads\/2025\/05\/AIwZdrowiu.jpg\" \/>\n\t<meta property=\"og:image:width\" content=\"1080\" \/>\n\t<meta property=\"og:image:height\" content=\"1080\" \/>\n\t<meta property=\"og:image:type\" content=\"image\/jpeg\" \/>\n<meta name=\"author\" content=\"admin\" \/>\n<meta name=\"twitter:card\" content=\"summary_large_image\" \/>\n<meta name=\"twitter:label1\" content=\"Written by\" \/>\n\t<meta name=\"twitter:data1\" content=\"admin\" \/>\n\t<meta name=\"twitter:label2\" content=\"Est. reading time\" \/>\n\t<meta name=\"twitter:data2\" content=\"1 minute\" \/>\n<script type=\"application\/ld+json\" class=\"yoast-schema-graph\">{\"@context\":\"https:\/\/schema.org\",\"@graph\":[{\"@type\":\"Article\",\"@id\":\"https:\/\/aiwzdrowiu.pl\/akademia-managerow-ochrony-zdrowia\/#article\",\"isPartOf\":{\"@id\":\"https:\/\/aiwzdrowiu.pl\/akademia-managerow-ochrony-zdrowia\/\"},\"author\":{\"name\":\"admin\",\"@id\":\"https:\/\/aiwzdrowiu.pl\/#\/schema\/person\/bd66bb58b128d5f914acdc1134553365\"},\"headline\":\"Akademia Manager\u00f3w Ochrony Zdrowia\",\"datePublished\":\"2025-05-06T09:13:45+00:00\",\"dateModified\":\"2025-05-06T09:13:45+00:00\",\"mainEntityOfPage\":{\"@id\":\"https:\/\/aiwzdrowiu.pl\/akademia-managerow-ochrony-zdrowia\/\"},\"wordCount\":172,\"publisher\":{\"@id\":\"https:\/\/aiwzdrowiu.pl\/#organization\"},\"articleSection\":[\"Konferencje\",\"News\"],\"inLanguage\":\"en-US\"},{\"@type\":\"WebPage\",\"@id\":\"https:\/\/aiwzdrowiu.pl\/akademia-managerow-ochrony-zdrowia\/\",\"url\":\"https:\/\/aiwzdrowiu.pl\/akademia-managerow-ochrony-zdrowia\/\",\"name\":\"Akademia Manager\u00f3w Ochrony Zdrowia - AI w zdrowiu\",\"isPartOf\":{\"@id\":\"https:\/\/aiwzdrowiu.pl\/#website\"},\"datePublished\":\"2025-05-06T09:13:45+00:00\",\"dateModified\":\"2025-05-06T09:13:45+00:00\",\"breadcrumb\":{\"@id\":\"https:\/\/aiwzdrowiu.pl\/akademia-managerow-ochrony-zdrowia\/#breadcrumb\"},\"inLanguage\":\"en-US\",\"potentialAction\":[{\"@type\":\"ReadAction\",\"target\":[\"https:\/\/aiwzdrowiu.pl\/akademia-managerow-ochrony-zdrowia\/\"]}]},{\"@type\":\"BreadcrumbList\",\"@id\":\"https:\/\/aiwzdrowiu.pl\/akademia-managerow-ochrony-zdrowia\/#breadcrumb\",\"itemListElement\":[{\"@type\":\"ListItem\",\"position\":1,\"name\":\"Strona g\u0142\u00f3wna\",\"item\":\"https:\/\/aiwzdrowiu.pl\/\"},{\"@type\":\"ListItem\",\"position\":2,\"name\":\"Akademia Manager\u00f3w Ochrony Zdrowia\"}]},{\"@type\":\"WebSite\",\"@id\":\"https:\/\/aiwzdrowiu.pl\/#website\",\"url\":\"https:\/\/aiwzdrowiu.pl\/\",\"name\":\"AI w zdrowiu\",\"description\":\"\",\"publisher\":{\"@id\":\"https:\/\/aiwzdrowiu.pl\/#organization\"},\"potentialAction\":[{\"@type\":\"SearchAction\",\"target\":{\"@type\":\"EntryPoint\",\"urlTemplate\":\"https:\/\/aiwzdrowiu.pl\/?s={search_term_string}\"},\"query-input\":\"required name=search_term_string\"}],\"inLanguage\":\"en-US\"},{\"@type\":\"Organization\",\"@id\":\"https:\/\/aiwzdrowiu.pl\/#organization\",\"name\":\"Koalicja AI w Zdrowiu\",\"url\":\"https:\/\/aiwzdrowiu.pl\/\",\"sameAs\":[],\"logo\":{\"@type\":\"ImageObject\",\"inLanguage\":\"en-US\",\"@id\":\"https:\/\/aiwzdrowiu.pl\/#\/schema\/logo\/image\/\",\"url\":\"https:\/\/aiwzdrowiu.pl\/wp-content\/uploads\/2022\/03\/white_logo_color1_background-1024x592-1.png\",\"contentUrl\":\"https:\/\/aiwzdrowiu.pl\/wp-content\/uploads\/2022\/03\/white_logo_color1_background-1024x592-1.png\",\"width\":1024,\"height\":592,\"caption\":\"Koalicja AI w Zdrowiu\"},\"image\":{\"@id\":\"https:\/\/aiwzdrowiu.pl\/#\/schema\/logo\/image\/\"}},{\"@type\":\"Person\",\"@id\":\"https:\/\/aiwzdrowiu.pl\/#\/schema\/person\/bd66bb58b128d5f914acdc1134553365\",\"name\":\"admin\",\"sameAs\":[\"http:\/\/aiwzdrowiu.pl\"],\"url\":\"https:\/\/aiwzdrowiu.pl\/en\/author\/admin\/\"}]}<\/script>\n<!-- \/ Yoast SEO plugin. -->","yoast_head_json":{"title":"Akademia Manager\u00f3w Ochrony Zdrowia - AI w zdrowiu","robots":{"index":"index","follow":"follow","max-snippet":"max-snippet:-1","max-image-preview":"max-image-preview:large","max-video-preview":"max-video-preview:-1"},"canonical":"https:\/\/aiwzdrowiu.pl\/en\/akademia-managerow-ochrony-zdrowia\/","og_locale":"en_US","og_type":"article","og_title":"Akademia Manager\u00f3w Ochrony Zdrowia - AI w zdrowiu","og_description":"Z przyjemno\u015bci\u0105 informujemy, \u017ce Koalicja AI i innowacji w zdrowiu zosta\u0142a oficjalnym partnerem\u00a0Akademii Manager\u00f3w Ochrony Zdrowia [&hellip;]","og_url":"https:\/\/aiwzdrowiu.pl\/en\/akademia-managerow-ochrony-zdrowia\/","og_site_name":"AI w zdrowiu","article_published_time":"2025-05-06T09:13:45+00:00","og_image":[{"width":1080,"height":1080,"url":"https:\/\/aiwzdrowiu.pl\/wp-content\/uploads\/2025\/05\/AIwZdrowiu.jpg","type":"image\/jpeg"}],"author":"admin","twitter_card":"summary_large_image","twitter_misc":{"Written by":"admin","Est. reading time":"1 minute"},"schema":{"@context":"https:\/\/schema.org","@graph":[{"@type":"Article","@id":"https:\/\/aiwzdrowiu.pl\/akademia-managerow-ochrony-zdrowia\/#article","isPartOf":{"@id":"https:\/\/aiwzdrowiu.pl\/akademia-managerow-ochrony-zdrowia\/"},"author":{"name":"admin","@id":"https:\/\/aiwzdrowiu.pl\/#\/schema\/person\/bd66bb58b128d5f914acdc1134553365"},"headline":"Akademia Manager\u00f3w Ochrony Zdrowia","datePublished":"2025-05-06T09:13:45+00:00","dateModified":"2025-05-06T09:13:45+00:00","mainEntityOfPage":{"@id":"https:\/\/aiwzdrowiu.pl\/akademia-managerow-ochrony-zdrowia\/"},"wordCount":172,"publisher":{"@id":"https:\/\/aiwzdrowiu.pl\/#organization"},"articleSection":["Konferencje","News"],"inLanguage":"en-US"},{"@type":"WebPage","@id":"https:\/\/aiwzdrowiu.pl\/akademia-managerow-ochrony-zdrowia\/","url":"https:\/\/aiwzdrowiu.pl\/akademia-managerow-ochrony-zdrowia\/","name":"Akademia Manager\u00f3w Ochrony Zdrowia - AI w zdrowiu","isPartOf":{"@id":"https:\/\/aiwzdrowiu.pl\/#website"},"datePublished":"2025-05-06T09:13:45+00:00","dateModified":"2025-05-06T09:13:45+00:00","breadcrumb":{"@id":"https:\/\/aiwzdrowiu.pl\/akademia-managerow-ochrony-zdrowia\/#breadcrumb"},"inLanguage":"en-US","potentialAction":[{"@type":"ReadAction","target":["https:\/\/aiwzdrowiu.pl\/akademia-managerow-ochrony-zdrowia\/"]}]},{"@type":"BreadcrumbList","@id":"https:\/\/aiwzdrowiu.pl\/akademia-managerow-ochrony-zdrowia\/#breadcrumb","itemListElement":[{"@type":"ListItem","position":1,"name":"Strona g\u0142\u00f3wna","item":"https:\/\/aiwzdrowiu.pl\/"},{"@type":"ListItem","position":2,"name":"Akademia Manager\u00f3w Ochrony Zdrowia"}]},{"@type":"WebSite","@id":"https:\/\/aiwzdrowiu.pl\/#website","url":"https:\/\/aiwzdrowiu.pl\/","name":"AI w zdrowiu","description":"","publisher":{"@id":"https:\/\/aiwzdrowiu.pl\/#organization"},"potentialAction":[{"@type":"SearchAction","target":{"@type":"EntryPoint","urlTemplate":"https:\/\/aiwzdrowiu.pl\/?s={search_term_string}"},"query-input":"required name=search_term_string"}],"inLanguage":"en-US"},{"@type":"Organization","@id":"https:\/\/aiwzdrowiu.pl\/#organization","name":"Koalicja AI w Zdrowiu","url":"https:\/\/aiwzdrowiu.pl\/","sameAs":[],"logo":{"@type":"ImageObject","inLanguage":"en-US","@id":"https:\/\/aiwzdrowiu.pl\/#\/schema\/logo\/image\/","url":"https:\/\/aiwzdrowiu.pl\/wp-content\/uploads\/2022\/03\/white_logo_color1_background-1024x592-1.png","contentUrl":"https:\/\/aiwzdrowiu.pl\/wp-content\/uploads\/2022\/03\/white_logo_color1_background-1024x592-1.png","width":1024,"height":592,"caption":"Koalicja AI w Zdrowiu"},"image":{"@id":"https:\/\/aiwzdrowiu.pl\/#\/schema\/logo\/image\/"}},{"@type":"Person","@id":"https:\/\/aiwzdrowiu.pl\/#\/schema\/person\/bd66bb58b128d5f914acdc1134553365","name":"admin","sameAs":["http:\/\/aiwzdrowiu.pl"],"url":"https:\/\/aiwzdrowiu.pl\/en\/author\/admin\/"}]}},"_links":{"self":[{"href":"https:\/\/aiwzdrowiu.pl\/en\/wp-json\/wp\/v2\/posts\/5630"}],"collection":[{"href":"https:\/\/aiwzdrowiu.pl\/en\/wp-json\/wp\/v2\/posts"}],"about":[{"href":"https:\/\/aiwzdrowiu.pl\/en\/wp-json\/wp\/v2\/types\/post"}],"author":[{"embeddable":true,"href":"https:\/\/aiwzdrowiu.pl\/en\/wp-json\/wp\/v2\/users\/1"}],"replies":[{"embeddable":true,"href":"https:\/\/aiwzdrowiu.pl\/en\/wp-json\/wp\/v2\/comments?post=5630"}],"version-history":[{"count":1,"href":"https:\/\/aiwzdrowiu.pl\/en\/wp-json\/wp\/v2\/posts\/5630\/revisions"}],"predecessor-version":[{"id":5632,"href":"https:\/\/aiwzdrowiu.pl\/en\/wp-json\/wp\/v2\/posts\/5630\/revisions\/5632"}],"wp:featuredmedia":[{"embeddable":true,"href":"https:\/\/aiwzdrowiu.pl\/en\/wp-json\/wp\/v2\/media\/5631"}],"wp:attachment":[{"href":"https:\/\/aiwzdrowiu.pl\/en\/wp-json\/wp\/v2\/media?parent=5630"}],"wp:term":[{"taxonomy":"category","embeddable":true,"href":"https:\/\/aiwzdrowiu.pl\/en\/wp-json\/wp\/v2\/categories?post=5630"},{"taxonomy":"post_tag","embeddable":true,"href":"https:\/\/aiwzdrowiu.pl\/en\/wp-json\/wp\/v2\/tags?post=5630"}],"curies":[{"name":"wp","href":"https:\/\/api.w.org\/{rel}","templated":true}]}}