{"id":5711,"date":"2025-07-07T12:35:31","date_gmt":"2025-07-07T10:35:31","guid":{"rendered":"https:\/\/aiwzdrowiu.pl\/?p=5711"},"modified":"2025-07-14T12:35:48","modified_gmt":"2025-07-14T10:35:48","slug":"boom-na-kompetencje-ai-w-polsce","status":"publish","type":"post","link":"https:\/\/aiwzdrowiu.pl\/en\/boom-na-kompetencje-ai-w-polsce\/","title":{"rendered":"Boom na kompetencje AI w Polsce"},"content":{"rendered":"<p style=\"text-align: justify;\">Ponad 20 projekt\u00f3w realizowanych z polskimi organizacjami, <strong>w tym wraz z wZdrowiu oraz Koalicj\u0105 AI i Innowacji w Zdrowiu, <\/strong>tysi\u0105ce godzin materia\u0142\u00f3w szkoleniowych online i spotka\u0144 na \u017cywo. Microsoft stworzy\u0142 kompleksowy ekosystem edukacyjny wspieraj\u0105cy wykorzystanie sztucznej inteligencji w codziennym \u017cyciu i pracy zawodowej. W ci\u0105gu zaledwie sze\u015bciu miesi\u0119cy a\u017c 500\u202f000 os\u00f3b w Polsce zaanga\u017cowa\u0142o si\u0119 w nauk\u0119 o AI.<\/p>\n<p style=\"text-align: justify;\">P\u00f3\u0142 miliona os\u00f3b zaanga\u017cowanych w rozw\u00f3j umiej\u0119tno\u015bci z zakresu sztucznej inteligencji to p\u00f3\u0142metek og\u0142oszonego w listopadzie ubieg\u0142ego roku zobowi\u0105zania do pomocy milionowi os\u00f3b w Polsce w praktycznym wykorzystaniu AI. Microsoft nawi\u0105za\u0142 wsp\u00f3\u0142prac\u0119 z szerokim gronem partner\u00f3w \u2013 od organizacji pozarz\u0105dowych i edukacyjnych po grupy bran\u017cowe, \u015brodowiska akademickie i fundacje non-profit. Wsp\u00f3lnie realizuj\u0105 oni misj\u0119 szerzenia wiedzy technologicznej poprzez tworzenie program\u00f3w edukacyjnych dostosowanych do potrzeb r\u00f3\u017cnych grup spo\u0142ecznych \u2013 od nauczycieli przez uczni\u00f3w, student\u00f3w, przedstawicieli organizacji spo\u0142ecznych a\u017c po pracownik\u00f3w sektora publicznego. Umiej\u0119tno\u015bci cyfrowe potrzebne w gospodarce opartej na AI staj\u0105 si\u0119 dost\u0119pne dla szerokiego grona odbiorc\u00f3w.<\/p>\n<p style=\"text-align: justify;\">Rz\u0105dowy program PW eSkills, do kt\u00f3rego Microsoft w\u0142a\u015bnie do\u0142\u0105czy\u0142, ma pom\u00f3c w realizacji tego zobowi\u0105zania. Inicjatywa \u0142\u0105czy administracj\u0119 publiczn\u0105, sektor spo\u0142eczny, biznes i \u015brodowisko akademickie w celu stworzenia przestrzeni do wsp\u00f3\u0142pracy na rzecz rozwoju kompetencji cyfrowych w Polsce. Program wspiera obywateli poprzez dzia\u0142ania edukacyjne, innowacyjne projekty oraz mo\u017cliwo\u015b\u0107 dzielenia si\u0119 wiedz\u0105. Dzi\u0119ki temu uczestnicy zyskuj\u0105 narz\u0119dzia niezb\u0119dne do aktywnego udzia\u0142u w \u017cyciu zawodowym, spo\u0142ecznym i obywatelskim w erze szybkiej transformacji technologicznej, jednocze\u015bnie zwi\u0119kszaj\u0105c \u015bwiadomo\u015b\u0107 roli, jak\u0105 umiej\u0119tno\u015bci cyfrowe odgrywaj\u0105 w kszta\u0142towaniu przysz\u0142o\u015bci.<\/p>\n<p style=\"text-align: justify;\"><strong>Sztuczna inteligencja znajduje r\u00f3wnie\u017c praktyczne zastosowanie w wyspecjalizowanych sektorach, takich jak opieka zdrowotna i prawo, gdzie rola nowoczesnych technologii staje si\u0119 coraz wa\u017cniejsza. Jednym z program\u00f3w wspieranych przez Microsoft jest \u201eAI w zdrowiu\u201d, bezp\u0142atna inicjatywa szkoleniowa realizowana przez Koalicj\u0119 AI i innowacji w zdrowiu. Projekt ten przybli\u017ca pracownikom medycznym praktyczne zastosowania sztucznej inteligencji w codziennej opiece nad pacjentem.<\/strong><\/p>\n<p style=\"text-align: justify;\"><a href=\"https:\/\/www.youtube.com\/watch?v=OY1EO290xwc&amp;list=PLisJ1_xRfLyZiYe7uUv4JX331VrfW6nCH&amp;index=2\">Obejrzyj szkolenia AI w zdrowiu TUTAJ.\u00a0<\/a><\/p>\n<p style=\"text-align: justify;\">Inicjatywa Microsoft ma na celu zmniejszenie luki kompetencyjnej w Polsce. Zgodnie z raportem Work Trend Index 2025, jedynie 30% pracownik\u00f3w w kraju potrafi skutecznie wykorzystywa\u0107 narz\u0119dzia AI. Tymczasem a\u017c 84% lider\u00f3w biznesu spodziewa si\u0119, \u017ce w ci\u0105gu najbli\u017cszych 12-18 miesi\u0119cy b\u0119d\u0105 korzysta\u0107 z agent\u00f3w AI jako cyfrowych wsp\u00f3\u0142pracownik\u00f3w, wspieraj\u0105cych wydajno\u015b\u0107 zespo\u0142\u00f3w. Opanowanie korzystania z r\u00f3\u017cnorodnych narz\u0119dzi opartych na AI do zwi\u0119kszania produktywno\u015bci, kreatywno\u015bci i efektywno\u015bci biznesowej staje si\u0119 dzi\u015b kluczowe. Liderzy biznesu ju\u017c przygotowuj\u0105 si\u0119 na przysz\u0142o\u015b\u0107 \u2013 46% menad\u017cer\u00f3w w Polsce przewiduje, \u017ce szkolenie z zakresu AI oraz rozw\u00f3j kompetencji cyfrowych stan\u0105 si\u0119 jednym z g\u0142\u00f3wnych priorytet\u00f3w ich zespo\u0142\u00f3w w ci\u0105gu najbli\u017cszych pi\u0119ciu lat. Inicjatywa Microsoft stanowi bezpo\u015bredni\u0105 odpowied\u017a na rosn\u0105ce zapotrzebowanie na kompetencje AI we wsp\u00f3\u0142czesnym \u015brodowisku pracy.<\/p>","protected":false},"excerpt":{"rendered":"<p>Ponad 20 projekt\u00f3w realizowanych z polskimi organizacjami, w tym wraz z wZdrowiu oraz Koalicj\u0105 AI i [&hellip;]<\/p>","protected":false},"author":1,"featured_media":5712,"comment_status":"closed","ping_status":"open","sticky":false,"template":"","format":"standard","meta":[],"categories":[2],"tags":[],"yoast_head":"<!-- This site is optimized with the Yoast SEO plugin v19.8 - https:\/\/yoast.com\/wordpress\/plugins\/seo\/ -->\n<title>Boom na kompetencje AI w Polsce - AI w zdrowiu<\/title>\n<meta name=\"robots\" content=\"index, follow, max-snippet:-1, max-image-preview:large, max-video-preview:-1\" \/>\n<link rel=\"canonical\" href=\"https:\/\/aiwzdrowiu.pl\/en\/boom-na-kompetencje-ai-w-polsce\/\" \/>\n<meta property=\"og:locale\" content=\"en_US\" \/>\n<meta property=\"og:type\" content=\"article\" \/>\n<meta property=\"og:title\" content=\"Boom na kompetencje AI w Polsce - AI w zdrowiu\" \/>\n<meta property=\"og:description\" content=\"Ponad 20 projekt\u00f3w realizowanych z polskimi organizacjami, w tym wraz z wZdrowiu oraz Koalicj\u0105 AI i [&hellip;]\" \/>\n<meta property=\"og:url\" content=\"https:\/\/aiwzdrowiu.pl\/en\/boom-na-kompetencje-ai-w-polsce\/\" \/>\n<meta property=\"og:site_name\" content=\"AI w zdrowiu\" \/>\n<meta property=\"article:published_time\" content=\"2025-07-07T10:35:31+00:00\" \/>\n<meta property=\"article:modified_time\" content=\"2025-07-14T10:35:48+00:00\" \/>\n<meta property=\"og:image\" content=\"https:\/\/aiwzdrowiu.pl\/wp-content\/uploads\/2025\/07\/20250702_120008371_iOS-1-scaled-1.jpg\" \/>\n\t<meta property=\"og:image:width\" content=\"2560\" \/>\n\t<meta property=\"og:image:height\" content=\"1674\" \/>\n\t<meta property=\"og:image:type\" content=\"image\/jpeg\" \/>\n<meta name=\"author\" content=\"admin\" \/>\n<meta name=\"twitter:card\" content=\"summary_large_image\" \/>\n<meta name=\"twitter:label1\" content=\"Written by\" \/>\n\t<meta name=\"twitter:data1\" content=\"admin\" \/>\n\t<meta name=\"twitter:label2\" content=\"Est. reading time\" \/>\n\t<meta name=\"twitter:data2\" content=\"3 minutes\" \/>\n<script type=\"application\/ld+json\" class=\"yoast-schema-graph\">{\"@context\":\"https:\/\/schema.org\",\"@graph\":[{\"@type\":\"Article\",\"@id\":\"https:\/\/aiwzdrowiu.pl\/boom-na-kompetencje-ai-w-polsce\/#article\",\"isPartOf\":{\"@id\":\"https:\/\/aiwzdrowiu.pl\/boom-na-kompetencje-ai-w-polsce\/\"},\"author\":{\"name\":\"admin\",\"@id\":\"https:\/\/aiwzdrowiu.pl\/#\/schema\/person\/bd66bb58b128d5f914acdc1134553365\"},\"headline\":\"Boom na kompetencje AI w Polsce\",\"datePublished\":\"2025-07-07T10:35:31+00:00\",\"dateModified\":\"2025-07-14T10:35:48+00:00\",\"mainEntityOfPage\":{\"@id\":\"https:\/\/aiwzdrowiu.pl\/boom-na-kompetencje-ai-w-polsce\/\"},\"wordCount\":515,\"publisher\":{\"@id\":\"https:\/\/aiwzdrowiu.pl\/#organization\"},\"articleSection\":[\"News\"],\"inLanguage\":\"en-US\"},{\"@type\":\"WebPage\",\"@id\":\"https:\/\/aiwzdrowiu.pl\/boom-na-kompetencje-ai-w-polsce\/\",\"url\":\"https:\/\/aiwzdrowiu.pl\/boom-na-kompetencje-ai-w-polsce\/\",\"name\":\"Boom na kompetencje AI w Polsce - AI w zdrowiu\",\"isPartOf\":{\"@id\":\"https:\/\/aiwzdrowiu.pl\/#website\"},\"datePublished\":\"2025-07-07T10:35:31+00:00\",\"dateModified\":\"2025-07-14T10:35:48+00:00\",\"breadcrumb\":{\"@id\":\"https:\/\/aiwzdrowiu.pl\/boom-na-kompetencje-ai-w-polsce\/#breadcrumb\"},\"inLanguage\":\"en-US\",\"potentialAction\":[{\"@type\":\"ReadAction\",\"target\":[\"https:\/\/aiwzdrowiu.pl\/boom-na-kompetencje-ai-w-polsce\/\"]}]},{\"@type\":\"BreadcrumbList\",\"@id\":\"https:\/\/aiwzdrowiu.pl\/boom-na-kompetencje-ai-w-polsce\/#breadcrumb\",\"itemListElement\":[{\"@type\":\"ListItem\",\"position\":1,\"name\":\"Strona g\u0142\u00f3wna\",\"item\":\"https:\/\/aiwzdrowiu.pl\/\"},{\"@type\":\"ListItem\",\"position\":2,\"name\":\"Boom na kompetencje AI w Polsce\"}]},{\"@type\":\"WebSite\",\"@id\":\"https:\/\/aiwzdrowiu.pl\/#website\",\"url\":\"https:\/\/aiwzdrowiu.pl\/\",\"name\":\"AI w zdrowiu\",\"description\":\"\",\"publisher\":{\"@id\":\"https:\/\/aiwzdrowiu.pl\/#organization\"},\"potentialAction\":[{\"@type\":\"SearchAction\",\"target\":{\"@type\":\"EntryPoint\",\"urlTemplate\":\"https:\/\/aiwzdrowiu.pl\/?s={search_term_string}\"},\"query-input\":\"required name=search_term_string\"}],\"inLanguage\":\"en-US\"},{\"@type\":\"Organization\",\"@id\":\"https:\/\/aiwzdrowiu.pl\/#organization\",\"name\":\"Koalicja AI w Zdrowiu\",\"url\":\"https:\/\/aiwzdrowiu.pl\/\",\"sameAs\":[],\"logo\":{\"@type\":\"ImageObject\",\"inLanguage\":\"en-US\",\"@id\":\"https:\/\/aiwzdrowiu.pl\/#\/schema\/logo\/image\/\",\"url\":\"https:\/\/aiwzdrowiu.pl\/wp-content\/uploads\/2022\/03\/white_logo_color1_background-1024x592-1.png\",\"contentUrl\":\"https:\/\/aiwzdrowiu.pl\/wp-content\/uploads\/2022\/03\/white_logo_color1_background-1024x592-1.png\",\"width\":1024,\"height\":592,\"caption\":\"Koalicja AI w Zdrowiu\"},\"image\":{\"@id\":\"https:\/\/aiwzdrowiu.pl\/#\/schema\/logo\/image\/\"}},{\"@type\":\"Person\",\"@id\":\"https:\/\/aiwzdrowiu.pl\/#\/schema\/person\/bd66bb58b128d5f914acdc1134553365\",\"name\":\"admin\",\"sameAs\":[\"http:\/\/aiwzdrowiu.pl\"],\"url\":\"https:\/\/aiwzdrowiu.pl\/en\/author\/admin\/\"}]}<\/script>\n<!-- \/ Yoast SEO plugin. -->","yoast_head_json":{"title":"Boom na kompetencje AI w Polsce - AI w zdrowiu","robots":{"index":"index","follow":"follow","max-snippet":"max-snippet:-1","max-image-preview":"max-image-preview:large","max-video-preview":"max-video-preview:-1"},"canonical":"https:\/\/aiwzdrowiu.pl\/en\/boom-na-kompetencje-ai-w-polsce\/","og_locale":"en_US","og_type":"article","og_title":"Boom na kompetencje AI w Polsce - AI w zdrowiu","og_description":"Ponad 20 projekt\u00f3w realizowanych z polskimi organizacjami, w tym wraz z wZdrowiu oraz Koalicj\u0105 AI i [&hellip;]","og_url":"https:\/\/aiwzdrowiu.pl\/en\/boom-na-kompetencje-ai-w-polsce\/","og_site_name":"AI w zdrowiu","article_published_time":"2025-07-07T10:35:31+00:00","article_modified_time":"2025-07-14T10:35:48+00:00","og_image":[{"width":2560,"height":1674,"url":"https:\/\/aiwzdrowiu.pl\/wp-content\/uploads\/2025\/07\/20250702_120008371_iOS-1-scaled-1.jpg","type":"image\/jpeg"}],"author":"admin","twitter_card":"summary_large_image","twitter_misc":{"Written by":"admin","Est. reading time":"3 minutes"},"schema":{"@context":"https:\/\/schema.org","@graph":[{"@type":"Article","@id":"https:\/\/aiwzdrowiu.pl\/boom-na-kompetencje-ai-w-polsce\/#article","isPartOf":{"@id":"https:\/\/aiwzdrowiu.pl\/boom-na-kompetencje-ai-w-polsce\/"},"author":{"name":"admin","@id":"https:\/\/aiwzdrowiu.pl\/#\/schema\/person\/bd66bb58b128d5f914acdc1134553365"},"headline":"Boom na kompetencje AI w Polsce","datePublished":"2025-07-07T10:35:31+00:00","dateModified":"2025-07-14T10:35:48+00:00","mainEntityOfPage":{"@id":"https:\/\/aiwzdrowiu.pl\/boom-na-kompetencje-ai-w-polsce\/"},"wordCount":515,"publisher":{"@id":"https:\/\/aiwzdrowiu.pl\/#organization"},"articleSection":["News"],"inLanguage":"en-US"},{"@type":"WebPage","@id":"https:\/\/aiwzdrowiu.pl\/boom-na-kompetencje-ai-w-polsce\/","url":"https:\/\/aiwzdrowiu.pl\/boom-na-kompetencje-ai-w-polsce\/","name":"Boom na kompetencje AI w Polsce - AI w zdrowiu","isPartOf":{"@id":"https:\/\/aiwzdrowiu.pl\/#website"},"datePublished":"2025-07-07T10:35:31+00:00","dateModified":"2025-07-14T10:35:48+00:00","breadcrumb":{"@id":"https:\/\/aiwzdrowiu.pl\/boom-na-kompetencje-ai-w-polsce\/#breadcrumb"},"inLanguage":"en-US","potentialAction":[{"@type":"ReadAction","target":["https:\/\/aiwzdrowiu.pl\/boom-na-kompetencje-ai-w-polsce\/"]}]},{"@type":"BreadcrumbList","@id":"https:\/\/aiwzdrowiu.pl\/boom-na-kompetencje-ai-w-polsce\/#breadcrumb","itemListElement":[{"@type":"ListItem","position":1,"name":"Strona g\u0142\u00f3wna","item":"https:\/\/aiwzdrowiu.pl\/"},{"@type":"ListItem","position":2,"name":"Boom na kompetencje AI w Polsce"}]},{"@type":"WebSite","@id":"https:\/\/aiwzdrowiu.pl\/#website","url":"https:\/\/aiwzdrowiu.pl\/","name":"AI w zdrowiu","description":"","publisher":{"@id":"https:\/\/aiwzdrowiu.pl\/#organization"},"potentialAction":[{"@type":"SearchAction","target":{"@type":"EntryPoint","urlTemplate":"https:\/\/aiwzdrowiu.pl\/?s={search_term_string}"},"query-input":"required name=search_term_string"}],"inLanguage":"en-US"},{"@type":"Organization","@id":"https:\/\/aiwzdrowiu.pl\/#organization","name":"Koalicja AI w Zdrowiu","url":"https:\/\/aiwzdrowiu.pl\/","sameAs":[],"logo":{"@type":"ImageObject","inLanguage":"en-US","@id":"https:\/\/aiwzdrowiu.pl\/#\/schema\/logo\/image\/","url":"https:\/\/aiwzdrowiu.pl\/wp-content\/uploads\/2022\/03\/white_logo_color1_background-1024x592-1.png","contentUrl":"https:\/\/aiwzdrowiu.pl\/wp-content\/uploads\/2022\/03\/white_logo_color1_background-1024x592-1.png","width":1024,"height":592,"caption":"Koalicja AI w Zdrowiu"},"image":{"@id":"https:\/\/aiwzdrowiu.pl\/#\/schema\/logo\/image\/"}},{"@type":"Person","@id":"https:\/\/aiwzdrowiu.pl\/#\/schema\/person\/bd66bb58b128d5f914acdc1134553365","name":"admin","sameAs":["http:\/\/aiwzdrowiu.pl"],"url":"https:\/\/aiwzdrowiu.pl\/en\/author\/admin\/"}]}},"_links":{"self":[{"href":"https:\/\/aiwzdrowiu.pl\/en\/wp-json\/wp\/v2\/posts\/5711"}],"collection":[{"href":"https:\/\/aiwzdrowiu.pl\/en\/wp-json\/wp\/v2\/posts"}],"about":[{"href":"https:\/\/aiwzdrowiu.pl\/en\/wp-json\/wp\/v2\/types\/post"}],"author":[{"embeddable":true,"href":"https:\/\/aiwzdrowiu.pl\/en\/wp-json\/wp\/v2\/users\/1"}],"replies":[{"embeddable":true,"href":"https:\/\/aiwzdrowiu.pl\/en\/wp-json\/wp\/v2\/comments?post=5711"}],"version-history":[{"count":1,"href":"https:\/\/aiwzdrowiu.pl\/en\/wp-json\/wp\/v2\/posts\/5711\/revisions"}],"predecessor-version":[{"id":5713,"href":"https:\/\/aiwzdrowiu.pl\/en\/wp-json\/wp\/v2\/posts\/5711\/revisions\/5713"}],"wp:featuredmedia":[{"embeddable":true,"href":"https:\/\/aiwzdrowiu.pl\/en\/wp-json\/wp\/v2\/media\/5712"}],"wp:attachment":[{"href":"https:\/\/aiwzdrowiu.pl\/en\/wp-json\/wp\/v2\/media?parent=5711"}],"wp:term":[{"taxonomy":"category","embeddable":true,"href":"https:\/\/aiwzdrowiu.pl\/en\/wp-json\/wp\/v2\/categories?post=5711"},{"taxonomy":"post_tag","embeddable":true,"href":"https:\/\/aiwzdrowiu.pl\/en\/wp-json\/wp\/v2\/tags?post=5711"}],"curies":[{"name":"wp","href":"https:\/\/api.w.org\/{rel}","templated":true}]}}